{"id":9621,"date":"2021-07-21T08:23:20","date_gmt":"2021-07-21T08:23:20","guid":{"rendered":"https:\/\/stratioautomotive.com\/veja-o-que-o-ceo-da-ford-trucks-portugal-esta-a-dizer-sobre-o-nosso-produto\/"},"modified":"2023-02-17T18:18:44","modified_gmt":"2023-02-17T18:18:44","slug":"ford-trucks-portugal-visibilidade-veiculos","status":"publish","type":"post","link":"https:\/\/stratioautomotive.com\/pt-pt\/ford-trucks-portugal-visibilidade-veiculos\/","title":{"rendered":"Ford Trucks Portugal assegura total visibilidade sobre os ve\u00edculos"},"content":{"rendered":"<span class=\"span-reading-time rt-reading-time\" style=\"display: block;\"><span class=\"rt-label rt-prefix\">Reading Time: <\/span> <span class=\"rt-time\"> 2<\/span> <span class=\"rt-label rt-postfix\">minutes<\/span><\/span><p>&nbsp;<\/p>\n<p><img decoding=\"async\" class=\"aligncenter wp-image-9387 size-large\" src=\"https:\/\/stratioautomotive.com\/wp-content\/uploads\/2021\/07\/O-P-Ford-1024x280.png\" alt=\"Hist\u00f3ria de sucesso com a Ford Trucks Portugal\" width=\"1024\" height=\"280\" srcset=\"https:\/\/stratioautomotive.com\/wp-content\/uploads\/2021\/07\/O-P-Ford-980x268.png 980w, https:\/\/stratioautomotive.com\/wp-content\/uploads\/2021\/07\/O-P-Ford-480x131.png 480w\" sizes=\"(min-width: 0px) and (max-width: 480px) 480px, (min-width: 481px) and (max-width: 980px) 980px, (min-width: 981px) 1024px, 100vw\" \/><\/p>\n<p>&nbsp;<\/p>\n<h2><b>Sobre a Ford Trucks<\/b><\/h2>\n<p>&nbsp;<\/p>\n<p><span style=\"font-weight: 400;\">Como empresa l\u00edder na ind\u00fastria autom\u00f3vel, a <a href=\"https:\/\/www.fordtrucksglobal.com\/\" target=\"_blank\" rel=\"noopener\">Ford Trucks<\/a> tem oferecido as melhores solu\u00e7\u00f5es de forma a satisfazer as necessidades dos seus clientes, com mais de meio s\u00e9culo de experi\u00eancia e capacidade de desenvolvimento.<\/span><\/p>\n<p>&nbsp;<\/p>\n<h2><b>O Nosso Projeto com a Ford Trucks Portugal<\/b><\/h2>\n<p>&nbsp;<\/p>\n<p><span style=\"font-weight: 400;\">A Ford Trucks decidiu equipar a Plataforma Stratio em todos os novos ve\u00edculos vendidos em <a href=\"https:\/\/www.fordtrucks.pt\/\" target=\"_blank\" rel=\"noopener\">Portugal<\/a> para poder prestar um melhor apoio \u00e0s frotas de transporte de mercadorias ao assegurar um acompanhamento mais pr\u00f3ximo de cada ve\u00edculo vendido. Esta parceria faz parte da estrat\u00e9gia de futuro da empresa ao assegurar que se encontra mais bem preparada para responder ao aumento da procura por parte dos seus clientes por solu\u00e7\u00f5es tecnol\u00f3gicas para melhorar a sua produtividade.<\/span><\/p>\n<p>&nbsp;<\/p>\n<p>&nbsp;<\/p>\n<p><img decoding=\"async\" class=\"aligncenter wp-image-9390 size-thumbnail\" src=\"https:\/\/stratioautomotive.com\/wp-content\/uploads\/2021\/07\/Bruno-Oliveira-CEO-150x150.png\" alt=\"Bruno Oliveira - Ford Trucks Portugal\" width=\"150\" height=\"150\" srcset=\"https:\/\/stratioautomotive.com\/wp-content\/uploads\/2021\/07\/Bruno-Oliveira-CEO-150x150.png 150w, https:\/\/stratioautomotive.com\/wp-content\/uploads\/2021\/07\/Bruno-Oliveira-CEO-300x300.png 300w, https:\/\/stratioautomotive.com\/wp-content\/uploads\/2021\/07\/Bruno-Oliveira-CEO.png 409w\" sizes=\"(max-width: 150px) 100vw, 150px\" \/><\/p>\n<p>&nbsp;<\/p>\n<p style=\"text-align: center;\"><a href=\"https:\/\/pt.linkedin.com\/in\/bruno-oliveira1973\" target=\"_blank\" rel=\"noopener\">Bruno Oliveira<\/a>, CEO da Ford Trucks Portugal, partilhou as suas opini\u00f5es sobre os resultados do trabalho com a Plataforma Stratio.<\/p>\n<p>&nbsp;<\/p>\n<p>&nbsp;<\/p>\n<h3><strong>Qual foi o principal objetivo com a implementa\u00e7\u00e3o do projeto com a Stratio?<\/strong><\/h3>\n<p>&nbsp;<\/p>\n<blockquote><p>&#8220;Tivemos 3 objetivos principais: #1 &#8211; Proximidade com os nossos ve\u00edculos; #2 &#8211; Prever eventuais falhas dos principais componentes, para agir preventivamente e evitar a imobiliza\u00e7\u00e3o dos ve\u00edculos; #3 &#8211; Foco permanente no Custo Total de Propriedade do ve\u00edculo, tornando o motorista cada vez mais eficiente.\u201d<\/p><\/blockquote>\n<p>&nbsp;<\/p>\n<p>&nbsp;<\/p>\n<h3><strong>Que benef\u00edcios a solu\u00e7\u00e3o da Stratio trouxe para a atividade da Ford Trucks em Portugal?<\/strong><\/h3>\n<p>&nbsp;<\/p>\n<blockquote><p>&#8220;Conseguimos alcan\u00e7ar todos os objetivos iniciais e \u00e9 por isso que expandimos a nossa colabora\u00e7\u00e3o com Stratio. O produto da Stratio \u00e9 a \u00fanica solu\u00e7\u00e3o existente no mercado que permite a automatiza\u00e7\u00e3o dos processos de manuten\u00e7\u00e3o e a gest\u00e3o remota de opera\u00e7\u00f5es numa s\u00f3 plataforma simultaneamente, e isso tem um grande impacto no dia a dia dos nossos clientes.\u201d<\/p><\/blockquote>\n<p>&nbsp;<\/p>\n<p>&nbsp;<\/p>\n<h3><b>No contexto atual, acha vi\u00e1vel para uma empresa de transportes gerir a sua frota sem ter um sistema como a Plataforma Stratio?<\/b><\/h3>\n<p>&nbsp;<\/p>\n<blockquote><p>\u201cNos dias de hoje, o transporte de mercadorias tem de ser gerido com base no indicador Km\/Ton transportada, e pelo menor custo poss\u00edvel. Uma plataforma como a Stratio \u00e9 no meu entender a melhor forma de atingir estes objectivos eficazmente.\u201d<\/p><\/blockquote>\n","protected":false},"excerpt":{"rendered":"<p><span class=\"span-reading-time rt-reading-time\" style=\"display: block;\"><span class=\"rt-label rt-prefix\">Reading Time: <\/span> <span class=\"rt-time\"> 2<\/span> <span class=\"rt-label rt-postfix\">minutes<\/span><\/span>Saiba mais sobre a nossa hist\u00f3ria de sucesso com a Ford Trucks em Portugal, um dos maiores fabricantes de cami\u00f5es pesados do mundo.<\/p>\n","protected":false},"author":13,"featured_media":9583,"comment_status":"open","ping_status":"open","sticky":false,"template":"","format":"standard","meta":{"_et_pb_use_builder":"off","_et_pb_old_content":"","_et_gb_content_width":"","content-type":"","footnotes":""},"categories":[13],"tags":[],"class_list":["post-9621","post","type-post","status-publish","format-standard","has-post-thumbnail","hentry","category-sem-categoria"],"yoast_head":"<!-- This site is optimized with the Yoast SEO plugin v26.1.1 - https:\/\/yoast.com\/wordpress\/plugins\/seo\/ -->\n<title>Ford Trucks Portugal assegura total visibilidade sobre os ve\u00edculos - Stratio<\/title>\n<meta name=\"description\" content=\"Saiba mais sobre a nossa hist\u00f3ria de sucesso com a Ford Trucks em Portugal, um dos maiores fabricantes de cami\u00f5es pesados do mundo.\" \/>\n<meta name=\"robots\" content=\"index, follow, max-snippet:-1, max-image-preview:large, max-video-preview:-1\" \/>\n<link rel=\"canonical\" href=\"https:\/\/stratioautomotive.com\/pt-pt\/ford-trucks-portugal-visibilidade-veiculos\/\" \/>\n<meta property=\"og:locale\" content=\"pt_PT\" \/>\n<meta property=\"og:type\" content=\"article\" \/>\n<meta property=\"og:title\" content=\"Ford Trucks Portugal assegura total visibilidade sobre os ve\u00edculos - Stratio\" \/>\n<meta property=\"og:description\" content=\"Saiba mais sobre a nossa hist\u00f3ria de sucesso com a Ford Trucks em Portugal, um dos maiores fabricantes de cami\u00f5es pesados do mundo.\" \/>\n<meta property=\"og:url\" content=\"https:\/\/stratioautomotive.com\/pt-pt\/ford-trucks-portugal-visibilidade-veiculos\/\" \/>\n<meta property=\"og:site_name\" content=\"Stratio\" \/>\n<meta property=\"article:published_time\" content=\"2021-07-21T08:23:20+00:00\" \/>\n<meta property=\"article:modified_time\" content=\"2023-02-17T18:18:44+00:00\" \/>\n<meta property=\"og:image\" content=\"https:\/\/stratioautomotive.com\/wp-content\/uploads\/2021\/07\/ford-trucks-6.jpg\" \/>\n\t<meta property=\"og:image:width\" content=\"675\" \/>\n\t<meta property=\"og:image:height\" content=\"415\" \/>\n\t<meta property=\"og:image:type\" content=\"image\/jpeg\" \/>\n<meta name=\"author\" content=\"Corporate Communications\" \/>\n<meta name=\"twitter:card\" content=\"summary_large_image\" \/>\n<meta name=\"twitter:label1\" content=\"Escrito por\" \/>\n\t<meta name=\"twitter:data1\" content=\"Corporate Communications\" \/>\n\t<meta name=\"twitter:label2\" content=\"Tempo estimado de leitura\" \/>\n\t<meta name=\"twitter:data2\" content=\"2 minutos\" \/>\n<script type=\"application\/ld+json\" class=\"yoast-schema-graph\">{\"@context\":\"https:\/\/schema.org\",\"@graph\":[{\"@type\":\"WebPage\",\"@id\":\"https:\/\/stratioautomotive.com\/pt-pt\/ford-trucks-portugal-visibilidade-veiculos\/\",\"url\":\"https:\/\/stratioautomotive.com\/pt-pt\/ford-trucks-portugal-visibilidade-veiculos\/\",\"name\":\"Ford Trucks Portugal assegura total visibilidade sobre os ve\u00edculos - Stratio\",\"isPartOf\":{\"@id\":\"https:\/\/stratioautomotive.com\/#website\"},\"primaryImageOfPage\":{\"@id\":\"https:\/\/stratioautomotive.com\/pt-pt\/ford-trucks-portugal-visibilidade-veiculos\/#primaryimage\"},\"image\":{\"@id\":\"https:\/\/stratioautomotive.com\/pt-pt\/ford-trucks-portugal-visibilidade-veiculos\/#primaryimage\"},\"thumbnailUrl\":\"https:\/\/stratioautomotive.com\/wp-content\/uploads\/2021\/07\/ford-trucks-6.jpg\",\"datePublished\":\"2021-07-21T08:23:20+00:00\",\"dateModified\":\"2023-02-17T18:18:44+00:00\",\"author\":{\"@id\":\"https:\/\/stratioautomotive.com\/#\/schema\/person\/567d3e8c47bb242cf6e223d91ec10d8b\"},\"description\":\"Saiba mais sobre a nossa hist\u00f3ria de sucesso com a Ford Trucks em Portugal, um dos maiores fabricantes de cami\u00f5es pesados do mundo.\",\"breadcrumb\":{\"@id\":\"https:\/\/stratioautomotive.com\/pt-pt\/ford-trucks-portugal-visibilidade-veiculos\/#breadcrumb\"},\"inLanguage\":\"pt-PT\",\"potentialAction\":[{\"@type\":\"ReadAction\",\"target\":[\"https:\/\/stratioautomotive.com\/pt-pt\/ford-trucks-portugal-visibilidade-veiculos\/\"]}]},{\"@type\":\"ImageObject\",\"inLanguage\":\"pt-PT\",\"@id\":\"https:\/\/stratioautomotive.com\/pt-pt\/ford-trucks-portugal-visibilidade-veiculos\/#primaryimage\",\"url\":\"https:\/\/stratioautomotive.com\/wp-content\/uploads\/2021\/07\/ford-trucks-6.jpg\",\"contentUrl\":\"https:\/\/stratioautomotive.com\/wp-content\/uploads\/2021\/07\/ford-trucks-6.jpg\",\"width\":675,\"height\":415,\"caption\":\"Stratio_Ford Trucks Portugal\"},{\"@type\":\"BreadcrumbList\",\"@id\":\"https:\/\/stratioautomotive.com\/pt-pt\/ford-trucks-portugal-visibilidade-veiculos\/#breadcrumb\",\"itemListElement\":[{\"@type\":\"ListItem\",\"position\":1,\"name\":\"Home\",\"item\":\"https:\/\/stratioautomotive.com\/pt-pt\/\"},{\"@type\":\"ListItem\",\"position\":2,\"name\":\"Ford Trucks Portugal assegura total visibilidade sobre os ve\u00edculos\"}]},{\"@type\":\"WebSite\",\"@id\":\"https:\/\/stratioautomotive.com\/#website\",\"url\":\"https:\/\/stratioautomotive.com\/\",\"name\":\"Stratio\",\"description\":\"Driving a zero downtime future.\",\"potentialAction\":[{\"@type\":\"SearchAction\",\"target\":{\"@type\":\"EntryPoint\",\"urlTemplate\":\"https:\/\/stratioautomotive.com\/?s={search_term_string}\"},\"query-input\":{\"@type\":\"PropertyValueSpecification\",\"valueRequired\":true,\"valueName\":\"search_term_string\"}}],\"inLanguage\":\"pt-PT\"},{\"@type\":\"Person\",\"@id\":\"https:\/\/stratioautomotive.com\/#\/schema\/person\/567d3e8c47bb242cf6e223d91ec10d8b\",\"name\":\"Corporate Communications\",\"image\":{\"@type\":\"ImageObject\",\"inLanguage\":\"pt-PT\",\"@id\":\"https:\/\/stratioautomotive.com\/#\/schema\/person\/image\/\",\"url\":\"https:\/\/secure.gravatar.com\/avatar\/2cd084fadac6f4a0fcc762ee0d01922a?s=96&d=mm&r=g\",\"contentUrl\":\"https:\/\/secure.gravatar.com\/avatar\/2cd084fadac6f4a0fcc762ee0d01922a?s=96&d=mm&r=g\",\"caption\":\"Corporate Communications\"},\"description\":\"sabinareghellin@stratioautomotive.com +447415234033\"}]}<\/script>\n<!-- \/ Yoast SEO plugin. -->","yoast_head_json":{"title":"Ford Trucks Portugal assegura total visibilidade sobre os ve\u00edculos - Stratio","description":"Saiba mais sobre a nossa hist\u00f3ria de sucesso com a Ford Trucks em Portugal, um dos maiores fabricantes de cami\u00f5es pesados do mundo.","robots":{"index":"index","follow":"follow","max-snippet":"max-snippet:-1","max-image-preview":"max-image-preview:large","max-video-preview":"max-video-preview:-1"},"canonical":"https:\/\/stratioautomotive.com\/pt-pt\/ford-trucks-portugal-visibilidade-veiculos\/","og_locale":"pt_PT","og_type":"article","og_title":"Ford Trucks Portugal assegura total visibilidade sobre os ve\u00edculos - Stratio","og_description":"Saiba mais sobre a nossa hist\u00f3ria de sucesso com a Ford Trucks em Portugal, um dos maiores fabricantes de cami\u00f5es pesados do mundo.","og_url":"https:\/\/stratioautomotive.com\/pt-pt\/ford-trucks-portugal-visibilidade-veiculos\/","og_site_name":"Stratio","article_published_time":"2021-07-21T08:23:20+00:00","article_modified_time":"2023-02-17T18:18:44+00:00","og_image":[{"width":675,"height":415,"url":"https:\/\/stratioautomotive.com\/wp-content\/uploads\/2021\/07\/ford-trucks-6.jpg","type":"image\/jpeg"}],"author":"Corporate Communications","twitter_card":"summary_large_image","twitter_misc":{"Escrito por":"Corporate Communications","Tempo estimado de leitura":"2 minutos"},"schema":{"@context":"https:\/\/schema.org","@graph":[{"@type":"WebPage","@id":"https:\/\/stratioautomotive.com\/pt-pt\/ford-trucks-portugal-visibilidade-veiculos\/","url":"https:\/\/stratioautomotive.com\/pt-pt\/ford-trucks-portugal-visibilidade-veiculos\/","name":"Ford Trucks Portugal assegura total visibilidade sobre os ve\u00edculos - Stratio","isPartOf":{"@id":"https:\/\/stratioautomotive.com\/#website"},"primaryImageOfPage":{"@id":"https:\/\/stratioautomotive.com\/pt-pt\/ford-trucks-portugal-visibilidade-veiculos\/#primaryimage"},"image":{"@id":"https:\/\/stratioautomotive.com\/pt-pt\/ford-trucks-portugal-visibilidade-veiculos\/#primaryimage"},"thumbnailUrl":"https:\/\/stratioautomotive.com\/wp-content\/uploads\/2021\/07\/ford-trucks-6.jpg","datePublished":"2021-07-21T08:23:20+00:00","dateModified":"2023-02-17T18:18:44+00:00","author":{"@id":"https:\/\/stratioautomotive.com\/#\/schema\/person\/567d3e8c47bb242cf6e223d91ec10d8b"},"description":"Saiba mais sobre a nossa hist\u00f3ria de sucesso com a Ford Trucks em Portugal, um dos maiores fabricantes de cami\u00f5es pesados do mundo.","breadcrumb":{"@id":"https:\/\/stratioautomotive.com\/pt-pt\/ford-trucks-portugal-visibilidade-veiculos\/#breadcrumb"},"inLanguage":"pt-PT","potentialAction":[{"@type":"ReadAction","target":["https:\/\/stratioautomotive.com\/pt-pt\/ford-trucks-portugal-visibilidade-veiculos\/"]}]},{"@type":"ImageObject","inLanguage":"pt-PT","@id":"https:\/\/stratioautomotive.com\/pt-pt\/ford-trucks-portugal-visibilidade-veiculos\/#primaryimage","url":"https:\/\/stratioautomotive.com\/wp-content\/uploads\/2021\/07\/ford-trucks-6.jpg","contentUrl":"https:\/\/stratioautomotive.com\/wp-content\/uploads\/2021\/07\/ford-trucks-6.jpg","width":675,"height":415,"caption":"Stratio_Ford Trucks Portugal"},{"@type":"BreadcrumbList","@id":"https:\/\/stratioautomotive.com\/pt-pt\/ford-trucks-portugal-visibilidade-veiculos\/#breadcrumb","itemListElement":[{"@type":"ListItem","position":1,"name":"Home","item":"https:\/\/stratioautomotive.com\/pt-pt\/"},{"@type":"ListItem","position":2,"name":"Ford Trucks Portugal assegura total visibilidade sobre os ve\u00edculos"}]},{"@type":"WebSite","@id":"https:\/\/stratioautomotive.com\/#website","url":"https:\/\/stratioautomotive.com\/","name":"Stratio","description":"Driving a zero downtime future.","potentialAction":[{"@type":"SearchAction","target":{"@type":"EntryPoint","urlTemplate":"https:\/\/stratioautomotive.com\/?s={search_term_string}"},"query-input":{"@type":"PropertyValueSpecification","valueRequired":true,"valueName":"search_term_string"}}],"inLanguage":"pt-PT"},{"@type":"Person","@id":"https:\/\/stratioautomotive.com\/#\/schema\/person\/567d3e8c47bb242cf6e223d91ec10d8b","name":"Corporate Communications","image":{"@type":"ImageObject","inLanguage":"pt-PT","@id":"https:\/\/stratioautomotive.com\/#\/schema\/person\/image\/","url":"https:\/\/secure.gravatar.com\/avatar\/2cd084fadac6f4a0fcc762ee0d01922a?s=96&d=mm&r=g","contentUrl":"https:\/\/secure.gravatar.com\/avatar\/2cd084fadac6f4a0fcc762ee0d01922a?s=96&d=mm&r=g","caption":"Corporate Communications"},"description":"sabinareghellin@stratioautomotive.com +447415234033"}]}},"_links":{"self":[{"href":"https:\/\/stratioautomotive.com\/pt-pt\/wp-json\/wp\/v2\/posts\/9621","targetHints":{"allow":["GET"]}}],"collection":[{"href":"https:\/\/stratioautomotive.com\/pt-pt\/wp-json\/wp\/v2\/posts"}],"about":[{"href":"https:\/\/stratioautomotive.com\/pt-pt\/wp-json\/wp\/v2\/types\/post"}],"author":[{"embeddable":true,"href":"https:\/\/stratioautomotive.com\/pt-pt\/wp-json\/wp\/v2\/users\/13"}],"replies":[{"embeddable":true,"href":"https:\/\/stratioautomotive.com\/pt-pt\/wp-json\/wp\/v2\/comments?post=9621"}],"version-history":[{"count":7,"href":"https:\/\/stratioautomotive.com\/pt-pt\/wp-json\/wp\/v2\/posts\/9621\/revisions"}],"predecessor-version":[{"id":17961,"href":"https:\/\/stratioautomotive.com\/pt-pt\/wp-json\/wp\/v2\/posts\/9621\/revisions\/17961"}],"wp:featuredmedia":[{"embeddable":true,"href":"https:\/\/stratioautomotive.com\/pt-pt\/wp-json\/wp\/v2\/media\/9583"}],"wp:attachment":[{"href":"https:\/\/stratioautomotive.com\/pt-pt\/wp-json\/wp\/v2\/media?parent=9621"}],"wp:term":[{"taxonomy":"category","embeddable":true,"href":"https:\/\/stratioautomotive.com\/pt-pt\/wp-json\/wp\/v2\/categories?post=9621"},{"taxonomy":"post_tag","embeddable":true,"href":"https:\/\/stratioautomotive.com\/pt-pt\/wp-json\/wp\/v2\/tags?post=9621"}],"curies":[{"name":"wp","href":"https:\/\/api.w.org\/{rel}","templated":true}]}}